{"id":1213,"date":"2011-09-07T06:57:35","date_gmt":"2011-09-07T10:57:35","guid":{"rendered":"http:\/\/www.trecesegundos.com\/?p=1213"},"modified":"2011-09-07T07:08:18","modified_gmt":"2011-09-07T11:08:18","slug":"el-espacio-entre-las-piernas","status":"publish","type":"post","link":"http:\/\/www.trecesegundos.com\/?p=1213","title":{"rendered":"EL ESPACIO ENTRE LAS PIERNAS"},"content":{"rendered":"\n<!-- Facebook Like Button Vivacity Infotech BEGIN -->\n<div class=\"fb-like\" data-href=\"http:\/\/www.trecesegundos.com\/?p=1213\" data-layout=\"standard\" data-action=\"like\" data-show-faces=\"false\" data-size=\"small\" data-width=\"450\" data-share=\"\" ><\/div>\n<!-- Facebook Like Button Vivacity Infotech END -->\n<p style=\"text-align: center;\"><a rel=\"attachment wp-att-1290\" href=\"http:\/\/www.trecesegundos.com\/?attachment_id=1290\"><\/a><\/p>\n<p>El espacio que queda entre mis piernas es la ventana por la que observo el paso del tiempo, los cambios de luz y las sombras, el vaiv\u00e9n de las olas, el viento en las hojas, las distintas figuras que hacen las nubes, a la gente en la playa y los ni\u00f1os jugando, las moradas y las perspectivas que dibujan los caminos. Todo es verdad, no hay montajes en photoshop, es el aqu\u00ed y el ahora, fundirse con el paisaje y la naturaleza, ser s\u00f3lo verano.<\/p>\n<p style=\"text-align: center;\"><img loading=\"lazy\" decoding=\"async\" title=\"El espacio entre las piernas.\" src=\"http:\/\/www.trecesegundos.com\/wp-content\/uploads\/2011\/09\/Espacio-entre-las-piernas-web.jpg\" alt=\"\" width=\"472\" height=\"354\" \/><\/p>\n<p style=\"text-align: center;\">\n<p style=\"text-align: center;\"><img loading=\"lazy\" decoding=\"async\" title=\"femenino masculino \" src=\"http:\/\/www.trecesegundos.com\/wp-content\/uploads\/2011\/09\/femenino-masculino-web.jpg\" alt=\"\" width=\"650\" height=\"244\" \/><\/p>\n<p style=\"text-align: center;\">\n<p style=\"text-align: center;\"><img loading=\"lazy\" decoding=\"async\" title=\"OLYMPUS DIGITAL CAMERA\" src=\"http:\/\/www.trecesegundos.com\/wp-content\/uploads\/2011\/09\/piernas-playa-web.jpg\" alt=\"\" width=\"472\" height=\"354\" \/><\/p>\n<p style=\"text-align: center;\">\n<p style=\"text-align: center;\"><img loading=\"lazy\" decoding=\"async\" title=\"Gente en la playa\" src=\"http:\/\/www.trecesegundos.com\/wp-content\/uploads\/2011\/09\/4-Gente-en-la-playa-web.jpg\" alt=\"\" width=\"655\" height=\"507\" \/><\/p>\n<p style=\"text-align: center;\">\n<p style=\"text-align: center;\"><a rel=\"attachment wp-att-1274\" href=\"http:\/\/www.trecesegundos.com\/?attachment_id=1274\"><img loading=\"lazy\" decoding=\"async\" class=\"aligncenter size-full wp-image-1274\" title=\"Paisaje marino\" src=\"http:\/\/www.trecesegundos.com\/wp-content\/uploads\/2011\/09\/Paisaje-marino-web.jpg\" alt=\"\" width=\"472\" height=\"354\" srcset=\"http:\/\/www.trecesegundos.com\/wp-content\/uploads\/2011\/09\/Paisaje-marino-web.jpg 472w, http:\/\/www.trecesegundos.com\/wp-content\/uploads\/2011\/09\/Paisaje-marino-web-300x225.jpg 300w\" sizes=\"auto, (max-width: 472px) 100vw, 472px\" \/><\/a><\/p>\n<p style=\"text-align: center;\">\n<p style=\"text-align: center;\"><img loading=\"lazy\" decoding=\"async\" title=\"Gaviota y paloma\" src=\"http:\/\/www.trecesegundos.com\/wp-content\/uploads\/2011\/09\/Gaviota-y-paloma-web.jpg\" alt=\"\" width=\"655\" height=\"233\" \/><\/p>\n<p style=\"text-align: center;\">\n<p style=\"text-align: center;\"><img loading=\"lazy\" decoding=\"async\" title=\"Cala Castell \" src=\"http:\/\/www.trecesegundos.com\/wp-content\/uploads\/2011\/09\/Cala-Castell-al-atardecer-web.jpg\" alt=\"\" width=\"472\" height=\"354\" \/><\/p>\n<p style=\"text-align: center;\">\n<p style=\"text-align: center;\"><a rel=\"attachment wp-att-1273\" href=\"http:\/\/www.trecesegundos.com\/?attachment_id=1273\"><img loading=\"lazy\" decoding=\"async\" title=\"Atardecer\" src=\"http:\/\/www.trecesegundos.com\/wp-content\/uploads\/2011\/09\/Atardecer-web1.jpg\" alt=\"\" width=\"653\" height=\"240\" \/><\/a><\/p>\n<p style=\"text-align: center;\">\n<p style=\"text-align: center;\"><a rel=\"attachment wp-att-1272\" href=\"http:\/\/www.trecesegundos.com\/?attachment_id=1272\"><img loading=\"lazy\" decoding=\"async\" class=\"aligncenter size-full wp-image-1272\" title=\"Forma\" src=\"http:\/\/www.trecesegundos.com\/wp-content\/uploads\/2011\/09\/Forma-web.jpg\" alt=\"\" width=\"472\" height=\"354\" srcset=\"http:\/\/www.trecesegundos.com\/wp-content\/uploads\/2011\/09\/Forma-web.jpg 472w, http:\/\/www.trecesegundos.com\/wp-content\/uploads\/2011\/09\/Forma-web-300x225.jpg 300w\" sizes=\"auto, (max-width: 472px) 100vw, 472px\" \/><\/a><\/p>\n<p style=\"text-align: center;\"><a rel=\"attachment wp-att-1271\" href=\"http:\/\/www.trecesegundos.com\/?attachment_id=1271\"><\/a><\/p>\n<p style=\"text-align: center;\">\n<p style=\"text-align: center;\"><img loading=\"lazy\" decoding=\"async\" title=\"Contemplando el mar al atardecer\" src=\"http:\/\/www.trecesegundos.com\/wp-content\/uploads\/2011\/09\/Piernas-atardecer-web.jpg\" alt=\"\" width=\"650\" height=\"254\" \/><\/p>\n<p style=\"text-align: center;\">\n<p style=\"text-align: center;\"><img loading=\"lazy\" decoding=\"async\" title=\"Atardecer en el mar\" src=\"http:\/\/www.trecesegundos.com\/wp-content\/uploads\/2011\/09\/Puesta-sol-web.jpg\" alt=\"\" width=\"472\" height=\"354\" \/><\/p>\n<p style=\"text-align: center;\">\n<p style=\"text-align: center;\"><img loading=\"lazy\" decoding=\"async\" title=\"En el camino\" src=\"http:\/\/www.trecesegundos.com\/wp-content\/uploads\/2011\/09\/En-el-camino-Web.jpg\" alt=\"\" width=\"649\" height=\"248\" \/><\/p>\n<p style=\"text-align: center;\">\n<p style=\"text-align: center;\"><img loading=\"lazy\" decoding=\"async\" title=\"Paisaje\" src=\"http:\/\/www.trecesegundos.com\/wp-content\/uploads\/2011\/09\/Paisaje-campestre-web.jpg\" alt=\"\" width=\"472\" height=\"354\" \/><\/p>\n<p style=\"text-align: center;\">\n<p style=\"text-align: center;\"><img loading=\"lazy\" decoding=\"async\" title=\"Pitur\" src=\"http:\/\/www.trecesegundos.com\/wp-content\/uploads\/2011\/09\/Pitur-web.jpg\" alt=\"\" width=\"641\" height=\"248\" \/><img loading=\"lazy\" decoding=\"async\" title=\"La barraca de Dal\u00ed\" src=\"http:\/\/www.trecesegundos.com\/wp-content\/uploads\/2011\/09\/Camino-barraca-web.jpg\" alt=\"\" width=\"640\" height=\"217\" \/><\/p>\n<p style=\"text-align: center;\">\n<p style=\"text-align: center;\">Todas las fotograf\u00edas est\u00e1n realizadas en los alrededores de cala Castell y cala Estreta (Palam\u00f3s, Girona)<\/p>\n<p style=\"text-align: center;\"><a rel=\"attachment wp-att-1239\" href=\"http:\/\/www.trecesegundos.com\/?attachment_id=1239\"><\/a><\/p>\n<p style=\"text-align: center;\"><a rel=\"attachment wp-att-1236\" href=\"http:\/\/www.trecesegundos.com\/?attachment_id=1236\"><\/a><\/p>\n<p style=\"text-align: center;\">\n<p style=\"text-align: center;\"><a rel=\"attachment wp-att-1235\" href=\"http:\/\/www.trecesegundos.com\/?attachment_id=1235\"><\/a><\/p>\n<p style=\"text-align: center;\"><a rel=\"attachment wp-att-1221\" href=\"http:\/\/www.trecesegundos.com\/?attachment_id=1221\"><\/a><\/p>\n<p style=\"text-align: center;\"><a rel=\"attachment wp-att-1215\" href=\"http:\/\/www.trecesegundos.com\/?attachment_id=1215\"><\/a><\/p>\n","protected":false},"excerpt":{"rendered":"<p>El espacio que queda entre mis piernas es la ventana por la que observo el paso del tiempo, los cambios de luz y las sombras, el vaiv\u00e9n de las olas, el viento en las hojas, las distintas figuras que hacen las nubes, a la gente en la playa y los ni\u00f1os jugando, las moradas y [&hellip;]<\/p>\n","protected":false},"author":1,"featured_media":0,"comment_status":"open","ping_status":"open","sticky":false,"template":"","format":"standard","meta":{"footnotes":""},"categories":[1],"tags":[86,85,84,83],"class_list":["post-1213","post","type-post","status-publish","format-standard","hentry","category-fotografia-fotografia","tag-cala-castell","tag-cala-estreta","tag-piernas","tag-verano"],"_links":{"self":[{"href":"http:\/\/www.trecesegundos.com\/index.php?rest_route=\/wp\/v2\/posts\/1213","targetHints":{"allow":["GET"]}}],"collection":[{"href":"http:\/\/www.trecesegundos.com\/index.php?rest_route=\/wp\/v2\/posts"}],"about":[{"href":"http:\/\/www.trecesegundos.com\/index.php?rest_route=\/wp\/v2\/types\/post"}],"author":[{"embeddable":true,"href":"http:\/\/www.trecesegundos.com\/index.php?rest_route=\/wp\/v2\/users\/1"}],"replies":[{"embeddable":true,"href":"http:\/\/www.trecesegundos.com\/index.php?rest_route=%2Fwp%2Fv2%2Fcomments&post=1213"}],"version-history":[{"count":78,"href":"http:\/\/www.trecesegundos.com\/index.php?rest_route=\/wp\/v2\/posts\/1213\/revisions"}],"predecessor-version":[{"id":1314,"href":"http:\/\/www.trecesegundos.com\/index.php?rest_route=\/wp\/v2\/posts\/1213\/revisions\/1314"}],"wp:attachment":[{"href":"http:\/\/www.trecesegundos.com\/index.php?rest_route=%2Fwp%2Fv2%2Fmedia&parent=1213"}],"wp:term":[{"taxonomy":"category","embeddable":true,"href":"http:\/\/www.trecesegundos.com\/index.php?rest_route=%2Fwp%2Fv2%2Fcategories&post=1213"},{"taxonomy":"post_tag","embeddable":true,"href":"http:\/\/www.trecesegundos.com\/index.php?rest_route=%2Fwp%2Fv2%2Ftags&post=1213"}],"curies":[{"name":"wp","href":"https:\/\/api.w.org\/{rel}","templated":true}]}}