{"id":2523,"date":"2012-08-28T07:57:46","date_gmt":"2012-08-28T11:57:46","guid":{"rendered":"http:\/\/www.trecesegundos.com\/?p=2523"},"modified":"2015-08-20T13:57:40","modified_gmt":"2015-08-20T17:57:40","slug":"por-un-momento-el-paraiso","status":"publish","type":"post","link":"http:\/\/www.trecesegundos.com\/?p=2523","title":{"rendered":"POR UN MOMENTO EL PARAISO"},"content":{"rendered":"\n<!-- Facebook Like Button Vivacity Infotech BEGIN -->\n<div class=\"fb-like\" data-href=\"http:\/\/www.trecesegundos.com\/?p=2523\" data-layout=\"standard\" data-action=\"like\" data-show-faces=\"false\" data-size=\"small\" data-width=\"450\" data-share=\"\" ><\/div>\n<!-- Facebook Like Button Vivacity Infotech END -->\n<p><a href=\"http:\/\/www.trecesegundos.com\/?attachment_id=2545\" rel=\"attachment wp-att-2545\"><img loading=\"lazy\" decoding=\"async\" class=\"aligncenter size-full wp-image-2545\" title=\"Movimiento de maletas\" src=\"http:\/\/www.trecesegundos.com\/wp-content\/uploads\/2012\/08\/Maletas-viaje-web.jpg\" alt=\"\" width=\"624\" height=\"416\" srcset=\"http:\/\/www.trecesegundos.com\/wp-content\/uploads\/2012\/08\/Maletas-viaje-web.jpg 624w, http:\/\/www.trecesegundos.com\/wp-content\/uploads\/2012\/08\/Maletas-viaje-web-300x200.jpg 300w\" sizes=\"auto, (max-width: 624px) 100vw, 624px\" \/><\/a><\/p>\n<p style=\"text-align: center;\">En cuanto llega el calor del verano sentimos una necesidad imperiosa de aparcar\u00a0 nuestras cotidianidad, marcharnos a otro lugar y disfrutar de eso con lo que so\u00f1amos todo el a\u00f1o y se llama \u201cunas buenas vacaciones\u201d. Cada uno llena sus maletas con sus propios deseos: el de vivir aventuras ex\u00f3ticas, conocer otras culturas y paisajes, de estar con la familia, de cometer excesos, hacer deporte, tener experiencias espirituales, hedonistas, sentimentales, sexuales o de estar en la naturaleza. Tambi\u00e9n el de encontrar un lugar al que llamar para\u00edso.<\/p>\n<div><a href=\"http:\/\/www.trecesegundos.com\/?attachment_id=2564\" rel=\"attachment wp-att-2564\"><img loading=\"lazy\" decoding=\"async\" class=\"aligncenter size-full wp-image-2564\" title=\"Un lugar cercano al para\u00edso\" src=\"http:\/\/www.trecesegundos.com\/wp-content\/uploads\/2012\/08\/Paraiso.jpg\" alt=\"\" width=\"567\" height=\"422\" srcset=\"http:\/\/www.trecesegundos.com\/wp-content\/uploads\/2012\/08\/Paraiso.jpg 567w, http:\/\/www.trecesegundos.com\/wp-content\/uploads\/2012\/08\/Paraiso-300x223.jpg 300w\" sizes=\"auto, (max-width: 567px) 100vw, 567px\" \/><\/a><\/div>\n<div><\/div>\n<div>\n<p style=\"text-align: center;\">El m\u00edo lo encontr\u00e9 en Dei\u00e0, un pueblecito de Mallorca asentado en la ladera de una colina, de casas de piedra, calles empinadas y salpicado de buganvillas. All\u00ed, camino a la cala y entre bancales estaba ese jard\u00edn so\u00f1ado con limoneros, higueras, plantas de aloe vera, geranios, helechos, dedaleras, flores de azafr\u00e1n, camomilas, peon\u00edas y romero.<\/p>\n<\/div>\n<div><\/div>\n<div><a href=\"http:\/\/www.trecesegundos.com\/?attachment_id=2572\" rel=\"attachment wp-att-2572\"><img loading=\"lazy\" decoding=\"async\" class=\"aligncenter wp-image-2572\" title=\"Higos y limones\" src=\"http:\/\/www.trecesegundos.com\/wp-content\/uploads\/2012\/08\/Higos-y-limones.jpg\" alt=\"\" width=\"562\" height=\"417\" srcset=\"http:\/\/www.trecesegundos.com\/wp-content\/uploads\/2012\/08\/Higos-y-limones.jpg 624w, http:\/\/www.trecesegundos.com\/wp-content\/uploads\/2012\/08\/Higos-y-limones-300x222.jpg 300w\" sizes=\"auto, (max-width: 562px) 100vw, 562px\" \/><\/a><\/div>\n<div><\/div>\n<div>\n<p style=\"text-align: center;\">Un lugar para poder pasear entre olivos centenarios, pinos, encinos, algarrobos, cipreses y chumberas mientras escuchas a lo lejos el balar de las cabras y el sonido de un cencerro.<\/p>\n<\/div>\n<div>\u00a0<a href=\"http:\/\/www.trecesegundos.com\/?attachment_id=2588\" rel=\"attachment wp-att-2588\"><img loading=\"lazy\" decoding=\"async\" class=\"aligncenter\" title=\"Entre olivos\" src=\"http:\/\/www.trecesegundos.com\/wp-content\/uploads\/2012\/08\/Jugando-entre-olivos.jpg\" alt=\"\" width=\"624\" height=\"309\" \/><\/a><\/div>\n<div><\/div>\n<div>\n<p style=\"text-align: center;\">Hacer fotos a los animales de la zona que para una urbanita como yo cualquiera le parece ex\u00f3tico.<\/p>\n<\/div>\n<div><\/div>\n<div><a href=\"http:\/\/www.trecesegundos.com\/?attachment_id=2558\" rel=\"attachment wp-att-2558\"><img loading=\"lazy\" decoding=\"async\" class=\"aligncenter size-full wp-image-2558\" title=\"Salamamandra nocturna\" src=\"http:\/\/www.trecesegundos.com\/wp-content\/uploads\/2012\/08\/Salamamandra-nocturna.jpg\" alt=\"\" width=\"322\" height=\"425\" srcset=\"http:\/\/www.trecesegundos.com\/wp-content\/uploads\/2012\/08\/Salamamandra-nocturna.jpg 322w, http:\/\/www.trecesegundos.com\/wp-content\/uploads\/2012\/08\/Salamamandra-nocturna-227x300.jpg 227w\" sizes=\"auto, (max-width: 322px) 100vw, 322px\" \/><\/a><\/div>\n<div><\/div>\n<div><\/div>\n<div><a href=\"http:\/\/www.trecesegundos.com\/?attachment_id=2561\" rel=\"attachment wp-att-2561\"><img loading=\"lazy\" decoding=\"async\" class=\"aligncenter wp-image-2561\" title=\"Gilipollo\" src=\"http:\/\/www.trecesegundos.com\/wp-content\/uploads\/2012\/08\/Gilipollo.jpg\" alt=\"\" width=\"393\" height=\"581\" srcset=\"http:\/\/www.trecesegundos.com\/wp-content\/uploads\/2012\/08\/Gilipollo.jpg 624w, http:\/\/www.trecesegundos.com\/wp-content\/uploads\/2012\/08\/Gilipollo-203x300.jpg 203w\" sizes=\"auto, (max-width: 393px) 100vw, 393px\" \/><\/a><\/div>\n<div><\/div>\n<div>\n<p style=\"text-align: center;\">Compartir en grata compa\u00f1\u00eda risas, confidencias, una copa de vino y unos tentempi\u00e9s de sobrasada.<\/p>\n<p>&nbsp;<\/p>\n<\/div>\n<div><a href=\"http:\/\/www.trecesegundos.com\/?attachment_id=2548\" rel=\"attachment wp-att-2548\"><img loading=\"lazy\" decoding=\"async\" class=\"aligncenter size-full wp-image-2548\" title=\"Amigas de vacaciones\" src=\"http:\/\/www.trecesegundos.com\/wp-content\/uploads\/2012\/08\/Artistas-en-Deia-web.jpg\" alt=\"\" width=\"624\" height=\"416\" srcset=\"http:\/\/www.trecesegundos.com\/wp-content\/uploads\/2012\/08\/Artistas-en-Deia-web.jpg 624w, http:\/\/www.trecesegundos.com\/wp-content\/uploads\/2012\/08\/Artistas-en-Deia-web-300x200.jpg 300w\" sizes=\"auto, (max-width: 624px) 100vw, 624px\" \/><\/a><\/div>\n<div>\n<p>&nbsp;<\/p>\n<p style=\"text-align: center;\">Bajar a la cala, tumbarse en una piedra mojada y observar a la gente disfrutando de un d\u00eda de playa.<\/p>\n<\/div>\n<div><\/div>\n<div><\/div>\n<div><a href=\"http:\/\/www.trecesegundos.com\/?attachment_id=2579\" rel=\"attachment wp-att-2579\"><img loading=\"lazy\" decoding=\"async\" class=\"aligncenter wp-image-2579\" title=\"Piernas y playa\" src=\"http:\/\/www.trecesegundos.com\/wp-content\/uploads\/2012\/08\/Piernas-y-playa1.jpg\" alt=\"\" width=\"421\" height=\"562\" srcset=\"http:\/\/www.trecesegundos.com\/wp-content\/uploads\/2012\/08\/Piernas-y-playa1.jpg 468w, http:\/\/www.trecesegundos.com\/wp-content\/uploads\/2012\/08\/Piernas-y-playa1-225x300.jpg 225w\" sizes=\"auto, (max-width: 421px) 100vw, 421px\" \/><\/a><\/div>\n<div><\/div>\n<div>\n<p style=\"text-align: center;\">Contemplando tanta belleza a veces mi felicidad era tan grande que hac\u00eda que me sintiera parte del Olimpo.<\/p>\n<p>&nbsp;<\/p>\n<\/div>\n<div><a href=\"http:\/\/www.trecesegundos.com\/?attachment_id=2598\" rel=\"attachment wp-att-2598\"><img loading=\"lazy\" decoding=\"async\" class=\"aligncenter size-full wp-image-2598\" title=\"Mediterraneo\" src=\"http:\/\/www.trecesegundos.com\/wp-content\/uploads\/2012\/08\/Mediterraneo.jpg\" alt=\"\" width=\"624\" height=\"423\" srcset=\"http:\/\/www.trecesegundos.com\/wp-content\/uploads\/2012\/08\/Mediterraneo.jpg 624w, http:\/\/www.trecesegundos.com\/wp-content\/uploads\/2012\/08\/Mediterraneo-300x203.jpg 300w\" sizes=\"auto, (max-width: 624px) 100vw, 624px\" \/><\/a><\/div>\n<div><\/div>\n<div style=\"text-align: center;\"><\/div>\n<div style=\"text-align: center;\">\u00a0Buceaba en el mar hasta lo m\u00e1s hondo que pod\u00eda para luego emerger notando el agua resbalar por mi cuerpo y sentirme Nereida.<\/div>\n<div><\/div>\n<div><\/div>\n<div><a href=\"http:\/\/www.trecesegundos.com\/?attachment_id=2569\" rel=\"attachment wp-att-2569\"><img loading=\"lazy\" decoding=\"async\" class=\"aligncenter size-full wp-image-2569\" title=\"El diablo en el port\u00f3n\" src=\"http:\/\/www.trecesegundos.com\/wp-content\/uploads\/2012\/08\/Diablo.jpg\" alt=\"\" width=\"378\" height=\"567\" srcset=\"http:\/\/www.trecesegundos.com\/wp-content\/uploads\/2012\/08\/Diablo.jpg 378w, http:\/\/www.trecesegundos.com\/wp-content\/uploads\/2012\/08\/Diablo-200x300.jpg 200w\" sizes=\"auto, (max-width: 378px) 100vw, 378px\" \/><\/a><\/div>\n<div><\/div>\n<div>\n<p style=\"text-align: center;\">Pero a los dioses no les gusta que nos confundamos con ellos.<\/p>\n<p style=\"text-align: center;\">Castigan nuestra arrogancia y nos recuerdan que nuestra naturaleza es humana.<\/p>\n<p style=\"text-align: center;\"><a href=\"http:\/\/www.trecesegundos.com\/?attachment_id=2533\" rel=\"attachment wp-att-2533\"><img loading=\"lazy\" decoding=\"async\" class=\"aligncenter size-full wp-image-2533\" title=\"La maldici\u00f3n de las medusas\" src=\"http:\/\/www.trecesegundos.com\/wp-content\/uploads\/2012\/08\/La-maldici\u00f3n-de-las-medusas.jpg\" alt=\"\" width=\"425\" height=\"567\" srcset=\"http:\/\/www.trecesegundos.com\/wp-content\/uploads\/2012\/08\/La-maldici\u00f3n-de-las-medusas.jpg 425w, http:\/\/www.trecesegundos.com\/wp-content\/uploads\/2012\/08\/La-maldici\u00f3n-de-las-medusas-224x300.jpg 224w\" sizes=\"auto, (max-width: 425px) 100vw, 425px\" \/><\/a><\/p>\n<\/div>\n<div style=\"text-align: center;\"><\/div>\n<div style=\"text-align: center;\">Por eso enviaron a las medusas. Me picaron cinco y mi piel mortal reaccion\u00f3 al veneno, volv\u00ed a casa llena de pupas y hecha unos zorros. Desde siempre ha sido as\u00ed la relaci\u00f3n entre los dioses y los hombres. Como a Ulises, al final lo que nos queda son las experiencias del viaje.<\/div>\n<div style=\"text-align: center;\">Ahora las maletas vac\u00edas esperan silenciosas a poder volver a llenarse.<\/div>\n<div style=\"text-align: center;\"><\/div>\n<div style=\"text-align: center;\">Fin.<\/div>\n<div><\/div>\n<div><\/div>\n<div><a href=\"http:\/\/www.trecesegundos.com\/?attachment_id=2549\" rel=\"attachment wp-att-2549\"><img loading=\"lazy\" decoding=\"async\" class=\"aligncenter\" title=\"Maletas de viaje\" src=\"http:\/\/www.trecesegundos.com\/wp-content\/uploads\/2012\/08\/Maletas.jpg\" alt=\"\" width=\"624\" height=\"428\" \/><\/a><\/div>\n<div style=\"text-align: left;\"><\/div>\n<p style=\"text-align: left;\">1-P.D: Este post est\u00e1 dedicado a Remedios que gracias a su hospitalidad pude disfrutar de unos d\u00edas inolvidables en Dei\u00e0. Tambi\u00e9n a Patrick por ser un excelente \u00a0anfitri\u00f3n y un gran conversador. Tampoco olvido al gallo Gilipollo que a pesar de que no quer\u00eda, me tuvo que aguantar persigui\u00e9ndolo para hacerle fotos.<\/p>\n<p style=\"text-align: left;\">2-P.D: La otra persona a la que est\u00e1 dedicado este post a mi amigo Justo Mon, uno de los m\u00e1s fieles seguidores de este blog, que con sus comentarios siempre fue un est\u00edmulo. Las olas del mar de su querida Galicia rompen en l\u00e1grimas porque el surfista punk ya nunca volver\u00e1 a cabalgarlas. En este rinc\u00f3n del ciber espacio siempre se le echar\u00e1 de menos. Lo poco que compartimos fue un buen amigo.<\/p>\n<p style=\"text-align: left;\">3-P.D: Si deseas ver las fotos de los personajes en formato slide visita mi web http:\/\/www.tolacastillo.com\/index.htm\u00a0en la galer\u00eda de \u00abEllas\u00bb que se encuentra en la pesta\u00f1a de \u00abOtras vidas\u00bb y en el de \u00abPanor\u00e1micas\u00bb<\/p>\n<p>&nbsp;<\/p>\n","protected":false},"excerpt":{"rendered":"<p>En cuanto llega el calor del verano sentimos una necesidad imperiosa de aparcar  nuestras cotidianidad, marcharnos a otro lugar y disfrutar de eso con lo que so\u00f1amos todo el a\u00f1o y se llama \u201cunas buenas vacaciones\u201d. Cada uno llena sus maletas con sus propios deseos: el de vivir aventuras ex\u00f3ticas, conocer otras culturas y paisajes, de estar con la familia, de cometer excesos, hacer deporte, tener experiencias espirituales, hedonistas, sentimentales, sexuales o de estar en la naturaleza. Tambi\u00e9n el de encontrar un lugar al que llamar para\u00edso&#8230;<\/p>\n","protected":false},"author":1,"featured_media":0,"comment_status":"open","ping_status":"open","sticky":false,"template":"","format":"standard","meta":{"footnotes":""},"categories":[1],"tags":[179,183,180,181,185,182,184,177,178,83],"class_list":["post-2523","post","type-post","status-publish","format-standard","hentry","category-fotografia-fotografia","tag-deia","tag-dioses","tag-mallorca","tag-mediterraneo","tag-medusas","tag-nereida","tag-olimpo","tag-paraiso","tag-vacaciones","tag-verano"],"_links":{"self":[{"href":"http:\/\/www.trecesegundos.com\/index.php?rest_route=\/wp\/v2\/posts\/2523","targetHints":{"allow":["GET"]}}],"collection":[{"href":"http:\/\/www.trecesegundos.com\/index.php?rest_route=\/wp\/v2\/posts"}],"about":[{"href":"http:\/\/www.trecesegundos.com\/index.php?rest_route=\/wp\/v2\/types\/post"}],"author":[{"embeddable":true,"href":"http:\/\/www.trecesegundos.com\/index.php?rest_route=\/wp\/v2\/users\/1"}],"replies":[{"embeddable":true,"href":"http:\/\/www.trecesegundos.com\/index.php?rest_route=%2Fwp%2Fv2%2Fcomments&post=2523"}],"version-history":[{"count":98,"href":"http:\/\/www.trecesegundos.com\/index.php?rest_route=\/wp\/v2\/posts\/2523\/revisions"}],"predecessor-version":[{"id":3539,"href":"http:\/\/www.trecesegundos.com\/index.php?rest_route=\/wp\/v2\/posts\/2523\/revisions\/3539"}],"wp:attachment":[{"href":"http:\/\/www.trecesegundos.com\/index.php?rest_route=%2Fwp%2Fv2%2Fmedia&parent=2523"}],"wp:term":[{"taxonomy":"category","embeddable":true,"href":"http:\/\/www.trecesegundos.com\/index.php?rest_route=%2Fwp%2Fv2%2Fcategories&post=2523"},{"taxonomy":"post_tag","embeddable":true,"href":"http:\/\/www.trecesegundos.com\/index.php?rest_route=%2Fwp%2Fv2%2Ftags&post=2523"}],"curies":[{"name":"wp","href":"https:\/\/api.w.org\/{rel}","templated":true}]}}