{"id":3628,"date":"2016-11-15T13:19:23","date_gmt":"2016-11-15T17:19:23","guid":{"rendered":"http:\/\/www.trecesegundos.com\/?p=3628"},"modified":"2016-11-30T05:57:53","modified_gmt":"2016-11-30T09:57:53","slug":"la-familia-de-tio-paco-making-off","status":"publish","type":"post","link":"http:\/\/www.trecesegundos.com\/?p=3628","title":{"rendered":"LA FAMILIA DE TIO PACO \/ MAKING OFF"},"content":{"rendered":"\n<!-- Facebook Like Button Vivacity Infotech BEGIN -->\n<div class=\"fb-like\" data-href=\"http:\/\/www.trecesegundos.com\/?p=3628\" data-layout=\"standard\" data-action=\"like\" data-show-faces=\"false\" data-size=\"small\" data-width=\"450\" data-share=\"\" ><\/div>\n<!-- Facebook Like Button Vivacity Infotech END -->\n<p><a href=\"http:\/\/www.trecesegundos.com\/?attachment_id=3630\" rel=\"attachment wp-att-3630\"><img loading=\"lazy\" decoding=\"async\" class=\"aligncenter size-full wp-image-3630\" src=\"http:\/\/www.trecesegundos.com\/wp-content\/uploads\/2016\/11\/T\u00edo-Paco-se-ha-hecho-trans2_\u00a9Tola-Castillo.jpg\" alt=\"tio-paco-se-ha-hecho-trans2_tola-castillo\" width=\"416\" height=\"624\" srcset=\"http:\/\/www.trecesegundos.com\/wp-content\/uploads\/2016\/11\/T\u00edo-Paco-se-ha-hecho-trans2_\u00a9Tola-Castillo.jpg 416w, http:\/\/www.trecesegundos.com\/wp-content\/uploads\/2016\/11\/T\u00edo-Paco-se-ha-hecho-trans2_\u00a9Tola-Castillo-200x300.jpg 200w\" sizes=\"auto, (max-width: 416px) 100vw, 416px\" \/><\/a><\/p>\n<p style=\"text-align: center;\"><em>\u00abT\u00edo Paco se ha hecho trans II\u00bb<\/em><\/p>\n<p>El d\u00eda que llegu\u00e9 a casa de<a href=\"http:\/\/asiertartaslanderaconstructormascaras.blogspot.com.es\/\"> Asier Tart\u00e1s<\/a> \u00a0para conocer sus m\u00e1scaras, hac\u00eda tiempo que le daba vueltas a una idea para una foto, as\u00ed que cuando tuve la de t\u00edo Paco entre mis manos lo vi: ser\u00eda ella la que me ayudar\u00eda a contar la historia de un personaje ya entrado en a\u00f1os que un d\u00eda se pone el mundo por montera y se decide a ser lo que siempre hab\u00eda so\u00f1ado.<\/p>\n<p>Mientras segu\u00eda perfil\u00e1ndolo en mi imaginaci\u00f3n, fui de viaje a C\u00e1diz. No s\u00e9 si fue culpa de un tinto de verano en la Caleta, el caz\u00f3n, un concierto en el puerto, el cruzarme con un par de chirigotas, el vestido rojo que me compr\u00e9 para pasear al atardecer o porque sus playas guardan los mejores recuerdos de mi infancia, se fue aflamencando.<\/p>\n<p><img loading=\"lazy\" decoding=\"async\" class=\"aligncenter size-full wp-image-3631\" src=\"http:\/\/www.trecesegundos.com\/wp-content\/uploads\/2016\/11\/Las-gemelas_\u00a9Tola-Castillo.jpg\" alt=\"las-gemelas_tola-castillo\" width=\"624\" height=\"380\" srcset=\"http:\/\/www.trecesegundos.com\/wp-content\/uploads\/2016\/11\/Las-gemelas_\u00a9Tola-Castillo.jpg 624w, http:\/\/www.trecesegundos.com\/wp-content\/uploads\/2016\/11\/Las-gemelas_\u00a9Tola-Castillo-300x183.jpg 300w\" sizes=\"auto, (max-width: 624px) 100vw, 624px\" \/><\/p>\n<p style=\"text-align: center;\"><em>\u00abLas gemelas\u00bb<\/em><\/p>\n<p>Para que t\u00edo Paco fuese t\u00edo necesitaba unas sobrinas, as\u00ed que el d\u00eda que volv\u00ed a casa de Asier tambi\u00e9n le ped\u00ed prestada una m\u00e1scara de rostro neutro y equilibrado, sin ninguna expresi\u00f3n en particular ni representar ninguna individualidad, como las que utilizaba el maestro Jacques\u00a0Lecoq como elemento b\u00e1sico de su m\u00e9todo de formaci\u00f3n de actores en el lenguaje del gesto.<\/p>\n<p>Jaques Lecoq dec\u00eda que \u201cLa m\u00e1scara no es s\u00f3lo un objeto, es la disposici\u00f3n a expulsar la personalidad fuera del cuerpo y permitir que un esp\u00edritu tome posesi\u00f3n de ella.\u201d<\/p>\n<p>Despu\u00e9s de visto el resultado con las gemelas me pregunto si los esp\u00edritus que me poseyeron fueron los de un par de marcianas.<\/p>\n<p>Con las fotos ya hechas, Asier me explic\u00f3 que la m\u00e1scara neutra que hab\u00eda elegido era la masculina, as\u00ed que, sin pretenderlo, las gemelas tambi\u00e9n me salieron transg\u00e9nero.<br \/>\n<a href=\"http:\/\/www.trecesegundos.com\/?attachment_id=3632\" rel=\"attachment wp-att-3632\"><img loading=\"lazy\" decoding=\"async\" class=\"aligncenter wp-image-3632\" src=\"http:\/\/www.trecesegundos.com\/wp-content\/uploads\/2016\/11\/M\u00e1scaras-de-teatro_Asier-Tart\u00e1s.jpg\" alt=\"mascaras-de-teatro_asier-tartas\" width=\"430\" height=\"372\" srcset=\"http:\/\/www.trecesegundos.com\/wp-content\/uploads\/2016\/11\/M\u00e1scaras-de-teatro_Asier-Tart\u00e1s.jpg 624w, http:\/\/www.trecesegundos.com\/wp-content\/uploads\/2016\/11\/M\u00e1scaras-de-teatro_Asier-Tart\u00e1s-300x260.jpg 300w\" sizes=\"auto, (max-width: 430px) 100vw, 430px\" \/><\/a><\/p>\n<p style=\"text-align: center;\">\u00ab<a href=\"http:\/\/asiertartaslanderaconstructormascaras.blogspot.com.es\/\">M\u00e1scaras de Asier Tart\u00e1s<\/a>\u00ab<\/p>\n<p>Antes de irme de casa de Asier, me ense\u00f1\u00f3 otras dos m\u00e1scaras expresivas y me dijo que tambi\u00e9n me las llevara. Abr\u00ed mucho los ojos e inhal\u00e9 profundamente.<\/p>\n<p>-\u00bfSabes que me metes en un l\u00edo?<\/p>\n<p>-Es que quiero ver que te sale- y me explic\u00f3 c\u00f3mo deb\u00eda incorporar a las medias m\u00e1scaras el movimiento de la mand\u00edbula.<\/p>\n<p><a href=\"http:\/\/www.trecesegundos.com\/?attachment_id=3646\" rel=\"attachment wp-att-3646\"><img loading=\"lazy\" decoding=\"async\" class=\"aligncenter size-full wp-image-3646\" src=\"http:\/\/www.trecesegundos.com\/wp-content\/uploads\/2016\/11\/Gorrion-bailarin_\u00a9Tola-Castillo.jpg\" alt=\"gorrion-bailarin_tola-castillo\" width=\"624\" height=\"416\" srcset=\"http:\/\/www.trecesegundos.com\/wp-content\/uploads\/2016\/11\/Gorrion-bailarin_\u00a9Tola-Castillo.jpg 624w, http:\/\/www.trecesegundos.com\/wp-content\/uploads\/2016\/11\/Gorrion-bailarin_\u00a9Tola-Castillo-300x200.jpg 300w\" sizes=\"auto, (max-width: 624px) 100vw, 624px\" \/><\/a><\/p>\n<p style=\"text-align: center;\"><em>\u00abGorri\u00f3n\u00bb<\/em><\/p>\n<p>\u00a0Mientras ensayaba con la de Gorri\u00f3n aprovechaba para hacerle videos de \u201cmotruos\u201d para mi sobrinita de tres a\u00f1os y esa m\u00e1scara que cuyo destino natural hubiese sido representar alg\u00fan capricho de Goya, se fue llenando de colores e impregn\u00e1ndose de la inocencia de un ni\u00f1o. Si al final a t\u00edo Paco le hab\u00eda crecido la familia, Gorri\u00f3n ser\u00eda ese personaje que hay en todas un poco loquito y a medio cocer.<\/p>\n<p><a href=\"http:\/\/www.trecesegundos.com\/?attachment_id=3635\" rel=\"attachment wp-att-3635\"><img loading=\"lazy\" decoding=\"async\" class=\"aligncenter size-full wp-image-3635\" src=\"http:\/\/www.trecesegundos.com\/wp-content\/uploads\/2016\/11\/Tio-Paco-y-el-Ni\u00f1o-de-Tarifa_@Tola-Castillo.jpg\" alt=\"tio-paco-y-el-nino-de-tarifa_tola-castillo\" width=\"624\" height=\"473\" srcset=\"http:\/\/www.trecesegundos.com\/wp-content\/uploads\/2016\/11\/Tio-Paco-y-el-Ni\u00f1o-de-Tarifa_@Tola-Castillo.jpg 624w, http:\/\/www.trecesegundos.com\/wp-content\/uploads\/2016\/11\/Tio-Paco-y-el-Ni\u00f1o-de-Tarifa_@Tola-Castillo-300x227.jpg 300w\" sizes=\"auto, (max-width: 624px) 100vw, 624px\" \/><\/a><\/p>\n<p>Con la cuarta m\u00e1scara no se me ocurr\u00eda nada, hasta que record\u00e9 las palabras de Asier:<\/p>\n<p>-Deja que sea ella la que te hable.<\/p>\n<p>As\u00ed lo hice y me dijo:<\/p>\n<p>-T\u00edo Paco te ha salido muy flamenco y necesita un guitarrista, en concreto al Ni\u00f1o de Tarifa, un servidor, el padre de Gorri\u00f3n.<\/p>\n<p><a href=\"http:\/\/www.trecesegundos.com\/?attachment_id=3637\" rel=\"attachment wp-att-3637\"><img loading=\"lazy\" decoding=\"async\" class=\"aligncenter size-full wp-image-3637\" src=\"http:\/\/www.trecesegundos.com\/wp-content\/uploads\/2016\/11\/La-familia-Tio-Paco_\u00a9Tola-Castillo.jpg\" alt=\"la-familia-tio-paco_tola-castillo\" width=\"624\" height=\"416\" srcset=\"http:\/\/www.trecesegundos.com\/wp-content\/uploads\/2016\/11\/La-familia-Tio-Paco_\u00a9Tola-Castillo.jpg 624w, http:\/\/www.trecesegundos.com\/wp-content\/uploads\/2016\/11\/La-familia-Tio-Paco_\u00a9Tola-Castillo-300x200.jpg 300w\" sizes=\"auto, (max-width: 624px) 100vw, 624px\" \/><\/a><\/p>\n<p>A pesar de que todas las m\u00e1scaras fuesen de diferentes familias hab\u00eda conseguido que fueran una y ahora me quedaba reunirla. El cuerpo me ped\u00eda salir al aire libre, colores de oto\u00f1o y luz natural, mi econom\u00eda, que pudiera llegar en metro yo sola cargada con todos mis b\u00e1rtulos. Encontr\u00e9 ese lugar perfecto en el patio trasero de la <a href=\"http:\/\/lafactoriadepapel.com\/\">Factor\u00eda de Papel<\/a>, en el coraz\u00f3n de Lavapi\u00e9s.<\/p>\n<p>Manolo y Cristina hicieron por mi justo lo que necesitaba para estar relajada y no perder la concentraci\u00f3n: no hacerme caso. Dejarme ir y venir, algunas veces de t\u00edo Paco, otras de gemela o el ni\u00f1o de Tarifa, sin levantar la mirada de sus respectivas ocupaciones. En el caso de Gorri\u00f3n fue diferente: Cristina no pudo evitar que se le escapara una sonrisilla \ud83d\ude42<\/p>\n<p>Nadie se puede imaginar la ilusi\u00f3n que me hizo ver finalmente la foto de t\u00edo Paco, orgulloso y flamenco, con toda su familia de frikis apoyando.<\/p>\n<p><a href=\"http:\/\/www.trecesegundos.com\/?attachment_id=3640\" rel=\"attachment wp-att-3640\"><img loading=\"lazy\" decoding=\"async\" class=\"aligncenter size-full wp-image-3640\" src=\"http:\/\/www.trecesegundos.com\/wp-content\/uploads\/2016\/11\/Gorri\u00f3n_\u00a9Tola-Castillo.jpg\" alt=\"gorrion_tola-castillo\" width=\"624\" height=\"416\" srcset=\"http:\/\/www.trecesegundos.com\/wp-content\/uploads\/2016\/11\/Gorri\u00f3n_\u00a9Tola-Castillo.jpg 624w, http:\/\/www.trecesegundos.com\/wp-content\/uploads\/2016\/11\/Gorri\u00f3n_\u00a9Tola-Castillo-300x200.jpg 300w\" sizes=\"auto, (max-width: 624px) 100vw, 624px\" \/><\/a><\/p>\n<p>El d\u00eda que le ped\u00ed a Manolo el patio me ense\u00f1\u00f3 un tronco y me cont\u00f3 que lo hab\u00eda puesto en ese rinc\u00f3n Chema Madoz y apareci\u00f3 un brillo en mis ojos.<\/p>\n<p>Vestida de Gorri\u00f3n de pronto el personaje se me escap\u00f3, no pude detenerlo y se port\u00f3 fatal:<\/p>\n<p>Es lo que tienen los loquitos de la familia: siempre se toman licencias y profanan a los maestros sin pudor.<\/p>\n<p style=\"text-align: center;\">FIN<\/p>\n","protected":false},"excerpt":{"rendered":"<p>\u00abT\u00edo Paco se ha hecho trans II\u00bb El d\u00eda que llegu\u00e9 a casa de Asier Tart\u00e1s \u00a0para conocer sus m\u00e1scaras, hac\u00eda tiempo que le daba vueltas a una idea para una foto, as\u00ed que cuando tuve la de t\u00edo Paco entre mis manos lo vi: ser\u00eda ella la que me ayudar\u00eda a contar la historia [&hellip;]<\/p>\n","protected":false},"author":1,"featured_media":0,"comment_status":"open","ping_status":"open","sticky":false,"template":"","format":"standard","meta":{"footnotes":""},"categories":[222,6,358,1,4],"tags":[464,477,473,476,475,471,478,469,472,470,457,474],"class_list":["post-3628","post","type-post","status-publish","format-standard","hentry","category-auto-fotos","category-autorretrato","category-fotoficcion","category-fotografia-fotografia","category-fotografia","tag-asier-tartas","tag-chema-madoz","tag-expresiva","tag-gemelas","tag-goya","tag-jacques-lecoq","tag-la-factoria-de-papel","tag-mascaras","tag-neutra","tag-teatro","tag-trans","tag-transgenero"],"_links":{"self":[{"href":"http:\/\/www.trecesegundos.com\/index.php?rest_route=\/wp\/v2\/posts\/3628","targetHints":{"allow":["GET"]}}],"collection":[{"href":"http:\/\/www.trecesegundos.com\/index.php?rest_route=\/wp\/v2\/posts"}],"about":[{"href":"http:\/\/www.trecesegundos.com\/index.php?rest_route=\/wp\/v2\/types\/post"}],"author":[{"embeddable":true,"href":"http:\/\/www.trecesegundos.com\/index.php?rest_route=\/wp\/v2\/users\/1"}],"replies":[{"embeddable":true,"href":"http:\/\/www.trecesegundos.com\/index.php?rest_route=%2Fwp%2Fv2%2Fcomments&post=3628"}],"version-history":[{"count":29,"href":"http:\/\/www.trecesegundos.com\/index.php?rest_route=\/wp\/v2\/posts\/3628\/revisions"}],"predecessor-version":[{"id":3668,"href":"http:\/\/www.trecesegundos.com\/index.php?rest_route=\/wp\/v2\/posts\/3628\/revisions\/3668"}],"wp:attachment":[{"href":"http:\/\/www.trecesegundos.com\/index.php?rest_route=%2Fwp%2Fv2%2Fmedia&parent=3628"}],"wp:term":[{"taxonomy":"category","embeddable":true,"href":"http:\/\/www.trecesegundos.com\/index.php?rest_route=%2Fwp%2Fv2%2Fcategories&post=3628"},{"taxonomy":"post_tag","embeddable":true,"href":"http:\/\/www.trecesegundos.com\/index.php?rest_route=%2Fwp%2Fv2%2Ftags&post=3628"}],"curies":[{"name":"wp","href":"https:\/\/api.w.org\/{rel}","templated":true}]}}